{
    "id": 100271,
    "date": "2024-12-15T12:01:26",
    "date_gmt": "2024-12-15T17:01:26",
    "guid": {
        "rendered": "https:\/\/quebecantilles.ca\/apartments\/villa-2-copy\/"
    },
    "modified": "2025-05-05T12:11:26",
    "modified_gmt": "2025-05-05T16:11:26",
    "slug": "villa-2-copy",
    "status": "publish",
    "type": "tf_apartment",
    "link": "https:\/\/quebecantilles.ca\/eng\/apartments\/villa-2-copy\/",
    "title": {
        "rendered": "Villa 4 chambres"
    },
    "content": {
        "rendered": "<div id=\"listing_description_content\" class=\"panel-body\">\n<div>\n<h3 class=\"\" data-start=\"79\" data-end=\"165\"><strong data-start=\"83\" data-end=\"165\">Villa Moderne et Confortable avec Piscine et Splendide Vue Mer<\/strong><\/h3>\n<p class=\"\" data-start=\"166\" data-end=\"337\"><strong data-start=\"166\" data-end=\"185\">Qu\u00e9bec Antilles<\/strong> vous souhaite la bienvenue dans cette superbe villa !<\/p>\n<hr class=\"\" data-start=\"682\" data-end=\"685\" \/>\n<h3 class=\"\" data-start=\"687\" data-end=\"706\"><strong data-start=\"691\" data-end=\"706\">EMPLACEMENT<\/strong><\/h3>\n<p>Situ\u00e9e dans un quartier paisible et recherch\u00e9 des Trois-\u00celets, cette superbe villa allie confort, \u00e9l\u00e9gance et vue imprenable sur la mer des Cara\u00efbes. Avec sa piscine priv\u00e9e et sa vaste terrasse panoramique, elle offre un cadre idyllique pour profiter pleinement du climat tropical et des paysages pittoresques.<\/p>\n<p>La plage d&#8217;Anse Mitan, connue pour son sable dor\u00e9 et ses eaux calmes, se trouve \u00e0 cinq minutes en voiture ou \u00e0 pieds pour une agr\u00e9able promenade. Vous y trouverez \u00e9galement une vari\u00e9t\u00e9 de restaurants, de bars et d&#8217;activit\u00e9s nautiques, ainsi qu&#8217;un terminal de ferry pour des excursions vers Fort-de-France ou d&#8217;autres sites embl\u00e9matiques de la Martinique.<\/p>\n<hr class=\"\" data-start=\"1871\" data-end=\"1874\" \/>\n<h3 class=\"\" data-start=\"2412\" data-end=\"2428\"><strong data-start=\"2416\" data-end=\"2428\">LA VILLA<\/strong><\/h3>\n<p>La villa comprend quatre chambres \u00e0 coucher climatis\u00e9es, chacune d&#8217;entre elles ayant \u00e9t\u00e9 con\u00e7ue pour un confort optimal. La suite principale comprend une salle de bain priv\u00e9e et un acc\u00e8s direct \u00e0 la terrasse, o\u00f9 vous pourrez admirer le lever du soleil sur la baie.<\/p>\n<p>L&#8217;espace de vie principal, lumineux et ouvert, se compose d&#8217;un salon moderne et d&#8217;une cuisine am\u00e9ricaine enti\u00e8rement \u00e9quip\u00e9e, parfaite pour pr\u00e9parer les repas tout en profitant de la vue. La grande terrasse couverte, avec son coin repas et son espace salon, est id\u00e9ale pour se d\u00e9tendre ou recevoir.<\/p>\n<p>La piscine, entour\u00e9e de chaises longues et d&#8217;un jardin tropical, invite \u00e0 la d\u00e9tente, tandis que la vue panoramique sur la mer et la baie des Trois-\u00celets promet des moments inoubliables.<\/p>\n<h4 class=\"\" data-start=\"2584\" data-end=\"2619\">Caract\u00e9ristiques int\u00e9rieures :<\/h4>\n<p class=\"\" data-start=\"2620\" data-end=\"2914\">\ud83c\udfe1 Espaces Cuisine, salon et salle \u00e0 manger ouverts<\/p>\n<p class=\"\" data-start=\"2620\" data-end=\"2914\">\ud83d\udcfa\u00a0 S\u00e9jour spacieux et meubl\u00e9 avec go\u00fbt, offrant une d\u00e9coration moderne.<\/p>\n<p class=\"\" data-start=\"2620\" data-end=\"2914\">\ud83c\udf7d Salle \u00e0 manger \u00a0ouvert sur l&#8217;ext\u00e9rieur pour 8 personnes<\/p>\n<p class=\"\" data-start=\"2620\" data-end=\"2914\">\ud83d\udc69\u200d\ud83c\udf73 Cuisine ouverte sur le s\u00e9jour et la salle \u00e0 manger ext\u00e9rieure, enti\u00e8rement \u00e9quip\u00e9e, avec cave \u00e0 vin.<\/p>\n<h4 class=\"\" data-start=\"2916\" data-end=\"2951\">Caract\u00e9ristiques ext\u00e9rieures :<\/h4>\n<p>\ud83c\udf34 Vue mer<\/p>\n<p>\u26f1 Terrasse couverte avec coin salon ext\u00e9rieur<\/p>\n<p>\ud83c\udf7d Salle \u00e0 manger ext\u00e9rieure con\u00e7ues pour 8 personnes<\/p>\n<p>\ud83c\udfe1 Stationnement s\u00e9curis\u00e9 avec portail \u00e9lectrique et cl\u00f4ture<\/p>\n<p>\ud83c\udfca Piscine priv\u00e9e avec vue sur mer<\/p>\n<p>&nbsp;<\/p>\n<hr class=\"\" data-start=\"3116\" data-end=\"3119\" \/>\n<h3 class=\"\" data-start=\"3121\" data-end=\"3137\"><strong data-start=\"3125\" data-end=\"3137\">CHAMBRES<\/strong><\/h3>\n<p data-start=\"3681\" data-end=\"3773\">Cette villa vous offre le luxe de trois grandes chambres climatis\u00e9es, chacune avec sa salle de bain privative \u00e9quip\u00e9e d&#8217;une douche \u00e0 l&#8217;italienne. L&#8217;une des chambres peut \u00eatre configur\u00e9e avec deux lits jumeaux et la plus grande des chambres poss\u00e8de un dressing ainsi qu\u2019une douche ext\u00e9rieure.<\/p>\n<p data-start=\"3681\" data-end=\"3773\">Au rez-de-jardin, une annexe ind\u00e9pendante de 50m2, accessible par un escalier ext\u00e9rieur, compl\u00e8te l&#8217;ensemble. Dot\u00e9e d&#8217;une terrasse privative offrant une vue imprenable sur la mer, une cuisine toute \u00e9quip\u00e9e, un salon avec canap\u00e9-lit 2 places, une chambre et une salle de bain, elle ajoute une dimension suppl\u00e9mentaire \u00e0 l&#8217;exp\u00e9rience de cette villa d&#8217;exception.<\/p>\n<p class=\"\" data-start=\"3138\" data-end=\"3679\">\ud83d\udecf <strong data-start=\"3141\" data-end=\"3172\">Chambre 1 (rez-de-chauss\u00e9e)<\/strong> : Lit King-size , climatisation, salle de douche attenante<br data-start=\"3269\" data-end=\"3272\" \/>\ud83d\udecf <strong data-start=\"3275\" data-end=\"3306\">Chambre 2 (rez-de-chauss\u00e9e)<\/strong> : Lit King-size, climatisation, salle de douche attenante<br data-start=\"3403\" data-end=\"3406\" \/>\ud83d\udecf <strong data-start=\"3409\" data-end=\"3440\">Chambre 3 (rez de chauss\u00e9e)<\/strong> : Lit Queen, climatisation, salle de douche attenante<br data-start=\"3537\" data-end=\"3540\" \/>\ud83d\udecf <strong data-start=\"3543\" data-end=\"3574\">Chambre 4 (annexe ind\u00e9pendante au rez-de-chauss\u00e9e de jardin)<\/strong> : Lit King-size + canap\u00e9 lit<\/p>\n<p class=\"\" data-start=\"3681\" data-end=\"3773\">\ud83e\uddd1\u200d\ud83e\udd1d\u200d\ud83e\uddd1 <strong data-start=\"3690\" data-end=\"3733\">Capacit\u00e9 totale d\u2019accueil : 8 personnes + 2 enfants<\/strong><br data-start=\"3733\" data-end=\"3736\" \/>\u2705 3 lits King-size<\/p>\n<p class=\"\" data-start=\"3681\" data-end=\"3773\">\u2705 1 lits Queen<\/p>\n<p data-start=\"3681\" data-end=\"3773\">\u2705 1 canap\u00e9-lit<\/p>\n<p data-start=\"3681\" data-end=\"3773\">\n<hr class=\"\" data-start=\"3775\" data-end=\"3778\" \/>\n<h3 class=\"\" data-start=\"3780\" data-end=\"3811\"><strong data-start=\"3784\" data-end=\"3811\">\u00c9QUIPEMENTS DE LA VILLA<\/strong><\/h3>\n<p class=\"\" data-start=\"3812\" data-end=\"4162\">\ud83c\udfe1 Annexe compl\u00e8tement ind\u00e9pendante en rez-de-jardin<\/p>\n<p class=\"\" data-start=\"3812\" data-end=\"4162\">\ud83c\udf2c Climatisation dans chaque chambre<\/p>\n<p class=\"\" data-start=\"3812\" data-end=\"4162\">\ud83d\udcfa T\u00e9l\u00e9vision \u00e0 \u00e9cran plat<\/p>\n<p class=\"\" data-start=\"3812\" data-end=\"4162\">\ud83c\udfca Piscine priv\u00e9e<\/p>\n<p class=\"\" data-start=\"3812\" data-end=\"4162\">\ud83d\udecf Serviettes et linge de maison fournis<\/p>\n<p class=\"\" data-start=\"3812\" data-end=\"4162\">\ud83d\udcf6 Wi-Fi<\/p>\n<hr class=\"\" data-start=\"4164\" data-end=\"4167\" \/>\n<p class=\"\" data-start=\"6082\" data-end=\"6189\">\n<\/div>\n<div>Cette villa allie harmonieusement le charme et le confort d&#8217;une maison de luxe \u00e0 la proximit\u00e9 des commodit\u00e9s locales et des plaisirs de la mer, ce qui en fait un v\u00e9ritable havre de paix.<\/div>\n<div class=\"listing-description-content showContent\">Vous r\u00eaviez d\u2019une villa exceptionnelle pour vos vacances ? Ne cherchez plus, cette villa est tout ce qu\u2019il vous faut !<\/div>\n<div><\/div>\n<div>Contactez Qu\u00e9bec Antilles pour votre r\u00e9servation.<\/div>\n<div><\/div>\n<\/div>\n<p>Ref. 002001<\/p>",
        "protected": false
    },
    "author": 1,
    "featured_media": 100297,
    "comment_status": "open",
    "ping_status": "closed",
    "template": "",
    "meta": {
        "_et_pb_use_builder": "",
        "_et_pb_old_content": "",
        "_et_gb_content_width": ""
    },
    "apartment_location": [
        80
    ],
    "apartment_feature": [
        85,
        86,
        83,
        88,
        87
    ],
    "apartment_type": [
        106
    ],
    "class_list": [
        "post-100271",
        "tf_apartment",
        "type-tf_apartment",
        "status-publish",
        "has-post-thumbnail",
        "hentry",
        "apartment_location-martinique",
        "apartment_feature-climatisation",
        "apartment_feature-free-parking",
        "apartment_feature-piscine",
        "apartment_feature-vu-sur-locean",
        "apartment_feature-wifi-gratuit",
        "apartment_type-tangarane"
    ],
    "aioseo_notices": [],
    "tf_apartment_opt": {
        "apartment-general-heading": "",
        "apartment-general-docs": "",
        "apartment_gallery": "100296,100297,100295,100490,100491,100492",
        "apartment_as_featured": "",
        "featured_text": "Hot Deal",
        "tf_single_apartment_layout_opt": "global",
        "tf_single_apartment_template": "default",
        "apartment-location-heading": "",
        "apartment-location-docs": "",
        "location_title": "Where you will stay",
        "map": {
            "address": "Les Trois \u00celets, Martinique, 97229, France",
            "latitude": "14.5442087",
            "longitude": "-61.0372825",
            "zoom": "6"
        },
        "surroundings_heading": "",
        "surroundings_sec_title": "Property Surroundings",
        "surroundings_subtitle": "Explore the neighborhood",
        "surroundings_places": "",
        "apartment-booking-heading": "",
        "apartment-booking-docs": "",
        "booking_form_title": "Reserve your villa",
        "pricing_type": "per_night",
        "price_per_night": "1056",
        "adult_price": "",
        "child_price": "",
        "infant_price": "",
        "min_stay": "7",
        "max_adults": "8",
        "max_children": "2",
        "max_infants": "",
        "additional_fees": "",
        "discount_type": "none",
        "discount": "",
        "booking-by": "1",
        "external-booking-type": "1",
        "booking-code": "",
        "booking-url": "",
        "hide_booking_form": "",
        "hide_price": "",
        "booking-attribute": "",
        "booking-query": "",
        "booking-notice": "",
        "is_taxable": "",
        "taxable_class": "standard",
        "apartment-cancellation-heading": "",
        "apartment-cancellation-docs": "",
        "calcellation_policy": "",
        "Availability": "",
        "enable_availability": "",
        "apt_availability": "",
        "ical": "",
        "ical_url": "",
        "ical_export": "https:\/\/quebecantilles.ca\/?feed=tf-apartment-ical&post_id=100271",
        "apartment-room-heading": "",
        "apartment-room-docs": "",
        "room_details_title": "Where you will sleep",
        "rooms": "",
        "apartment-info-heading": "",
        "apartment-info-docs": "",
        "highlights_heading": "",
        "highlights_title": "Discover our best features",
        "highlights": "",
        "amenities_heading": "",
        "amenities_title": "What's included?",
        "amenities": "",
        "house_rules_heading": "",
        "house_rules_title": "Rules",
        "house_rules": "",
        "apartment-faq-heading": "",
        "apartment-faq-docs": "",
        "faq_heading": "",
        "faq_title": "FAQ",
        "faq_desc": "",
        "faq": "",
        "terms_heading": "",
        "terms_title": "Terms and conditions",
        "terms_and_conditions": "",
        "enquiry": "",
        "enquiry-section": "1",
        "apartment-enquiry-icon": "fa fa-question-circle-o",
        "enquiry-title": "You have a question?",
        "enquiry-content": "Need more info? Contact one of our expert",
        "enquiry-btn": "Send",
        "tf-apartment-tags-heading": "",
        "tf-apartment-tags": "",
        "apartment--heading": "",
        "apartment--docs": "",
        "disable_options": "",
        "disable-apartment-review": "",
        "disable-apartment-share": "",
        "disable-related-apartment": "",
        "description": "",
        "description_title": "About this place",
        "review-section-title": "Reviews from customers",
        "related_apartment_title": "You might also like"
    },
    "featured_image": "https:\/\/quebecantilles.ca\/wp-content\/uploads\/2024\/12\/Location_Villa_Tangarane_1_Les_Trois_Ilets_Martinique_37.jpg",
    "reviews": {
        "post_reviews": 0,
        "review_text": ""
    },
    "start_price": "",
    "_links": {
        "self": [
            {
                "href": "https:\/\/quebecantilles.ca\/eng\/wp-json\/wp\/v2\/tf_apartment\/100271",
                "targetHints": {
                    "allow": [
                        "GET"
                    ]
                }
            }
        ],
        "collection": [
            {
                "href": "https:\/\/quebecantilles.ca\/eng\/wp-json\/wp\/v2\/tf_apartment"
            }
        ],
        "about": [
            {
                "href": "https:\/\/quebecantilles.ca\/eng\/wp-json\/wp\/v2\/types\/tf_apartment"
            }
        ],
        "author": [
            {
                "embeddable": true,
                "href": "https:\/\/quebecantilles.ca\/eng\/wp-json\/wp\/v2\/users\/1"
            }
        ],
        "replies": [
            {
                "embeddable": true,
                "href": "https:\/\/quebecantilles.ca\/eng\/wp-json\/wp\/v2\/comments?post=100271"
            }
        ],
        "wp:featuredmedia": [
            {
                "embeddable": true,
                "href": "https:\/\/quebecantilles.ca\/eng\/wp-json\/wp\/v2\/media\/100297"
            }
        ],
        "wp:attachment": [
            {
                "href": "https:\/\/quebecantilles.ca\/eng\/wp-json\/wp\/v2\/media?parent=100271"
            }
        ],
        "wp:term": [
            {
                "taxonomy": "apartment_location",
                "embeddable": true,
                "href": "https:\/\/quebecantilles.ca\/eng\/wp-json\/wp\/v2\/apartment_location?post=100271"
            },
            {
                "taxonomy": "apartment_feature",
                "embeddable": true,
                "href": "https:\/\/quebecantilles.ca\/eng\/wp-json\/wp\/v2\/apartment_feature?post=100271"
            },
            {
                "taxonomy": "apartment_type",
                "embeddable": true,
                "href": "https:\/\/quebecantilles.ca\/eng\/wp-json\/wp\/v2\/apartment_type?post=100271"
            }
        ],
        "curies": [
            {
                "name": "wp",
                "href": "https:\/\/api.w.org\/{rel}",
                "templated": true
            }
        ]
    }
}